{"id":4082,"date":"2021-05-17T15:19:00","date_gmt":"2021-05-17T13:19:00","guid":{"rendered":"https:\/\/www.catene3c.it\/news-catenificio\/die-feierliche-verleihung-des-transportmittels-fuer-behinderte-anteas-lecco\/"},"modified":"2024-01-30T22:26:59","modified_gmt":"2024-01-30T21:26:59","slug":"die-feierliche-verleihung-des-transportmittels-fuer-behinderte-anteas-lecco","status":"publish","type":"post","link":"https:\/\/www.catene3c.it\/de\/news-catenificio\/die-feierliche-verleihung-des-transportmittels-fuer-behinderte-anteas-lecco\/","title":{"rendered":"Die feierliche verleihung des transportmittels f\u00fcr behinderte ANTEAS LECCO"},"content":{"rendered":"\n<p>Am 11. Mai 2021 wurde die feierliche Verleihung des Transportmittels f\u00fcr Behinderte an der Gemeinschaft von Lecco am Sitz von <a href=\"https:\/\/anteaslombardia.org\/lecco\" target=\"_blank\" rel=\"noreferrer noopener\">ANTEAS LECCO<\/a> stattgefunden.<br\/>Das Transportmittel wurde von einigen Firmen von Lecco finanziert und wir freuen uns, dass 3C CATENE eine von diesen war.<br\/>Wir halten es f\u00fcr wichtig, dass die Gesch\u00e4ftst\u00e4tigkeit die Solidarit\u00e4t in ihrem Gebiet auf Projekt- und wirtschaftlicher Ebene unterst\u00fctzen.<br\/>Wir sind stolz auf unsere Teilnahme an diesem guten Projekt! <\/p>\n\n<figure class=\"wp-block-image size-full\"><img fetchpriority=\"high\" decoding=\"async\" width=\"750\" height=\"214\" src=\"https:\/\/www.catene3c.it\/wp-content\/uploads\/2024\/01\/cerimonia_ANTEAS.jpg\" alt=\"3C Catene -\" class=\"wp-image-4072\" title=\"3C Catene -\" srcset=\"https:\/\/www.catene3c.it\/wp-content\/uploads\/2024\/01\/cerimonia_ANTEAS.jpg 750w, https:\/\/www.catene3c.it\/wp-content\/uploads\/2024\/01\/cerimonia_ANTEAS-300x86.jpg 300w, https:\/\/www.catene3c.it\/wp-content\/uploads\/2024\/01\/cerimonia_ANTEAS-600x171.jpg 600w\" sizes=\"(max-width: 750px) 100vw, 750px\" \/><\/figure>\n","protected":false},"excerpt":{"rendered":"<p>Am 11. Mai 2021 wurde die feierliche Verleihung des Transportmittels f\u00fcr Behinderte an der Gemeinschaft von Lecco am Sitz von ANTEAS LECCO stattgefunden.Das Transportmittel wurde von einigen Firmen von Lecco finanziert und wir freuen uns, dass 3C CATENE eine von diesen war.Wir halten es f\u00fcr wichtig, dass die Gesch\u00e4ftst\u00e4tigkeit die Solidarit\u00e4t in ihrem Gebiet auf [&hellip;]<\/p>\n","protected":false},"author":6,"featured_media":4070,"comment_status":"closed","ping_status":"closed","sticky":false,"template":"","format":"standard","meta":{"footnotes":""},"categories":[106],"tags":[],"class_list":["post-4082","post","type-post","status-publish","format-standard","has-post-thumbnail","hentry","category-news-de"],"_links":{"self":[{"href":"https:\/\/www.catene3c.it\/de\/wp-json\/wp\/v2\/posts\/4082","targetHints":{"allow":["GET"]}}],"collection":[{"href":"https:\/\/www.catene3c.it\/de\/wp-json\/wp\/v2\/posts"}],"about":[{"href":"https:\/\/www.catene3c.it\/de\/wp-json\/wp\/v2\/types\/post"}],"author":[{"embeddable":true,"href":"https:\/\/www.catene3c.it\/de\/wp-json\/wp\/v2\/users\/6"}],"replies":[{"embeddable":true,"href":"https:\/\/www.catene3c.it\/de\/wp-json\/wp\/v2\/comments?post=4082"}],"version-history":[{"count":0,"href":"https:\/\/www.catene3c.it\/de\/wp-json\/wp\/v2\/posts\/4082\/revisions"}],"wp:featuredmedia":[{"embeddable":true,"href":"https:\/\/www.catene3c.it\/de\/wp-json\/wp\/v2\/media\/4070"}],"wp:attachment":[{"href":"https:\/\/www.catene3c.it\/de\/wp-json\/wp\/v2\/media?parent=4082"}],"wp:term":[{"taxonomy":"category","embeddable":true,"href":"https:\/\/www.catene3c.it\/de\/wp-json\/wp\/v2\/categories?post=4082"},{"taxonomy":"post_tag","embeddable":true,"href":"https:\/\/www.catene3c.it\/de\/wp-json\/wp\/v2\/tags?post=4082"}],"curies":[{"name":"wp","href":"https:\/\/api.w.org\/{rel}","templated":true}]}}