{"id":5225,"date":"2017-07-09T11:23:00","date_gmt":"2017-07-09T09:23:00","guid":{"rendered":"https:\/\/www.catene3c.it\/news-catenificio\/3c-catene-gewinnt-den-preis-welfare-index-pmi-2017\/"},"modified":"2024-02-25T22:48:57","modified_gmt":"2024-02-25T21:48:57","slug":"3c-catene-gewinnt-den-preis-welfare-index-pmi-2017","status":"publish","type":"post","link":"https:\/\/www.catene3c.it\/de\/news-catenificio\/3c-catene-gewinnt-den-preis-welfare-index-pmi-2017\/","title":{"rendered":"3C CATENE gewinnt den preis WELFARE INDEX PMI 2017"},"content":{"rendered":"\n<p>3C CATENE erzielt den ersten Platz beim nationalen Wettbewerb <strong><a href=\"http:\/\/www.welfareindexpmi.it\/\" target=\"_blank\" rel=\"noreferrer noopener\">WELFARE INDEX PMI<\/a><\/strong><a href=\"http:\/\/www.welfareindexpmi.it\/\" target=\"_blank\" rel=\"noopener\"> <\/a>f\u00fcr den Bereich Handwerk. Der Wettbewerb hat das betriebliche Welfare von 3422 italienischen PMI analysiert (454 Handwerksunternehmen) wobei die Projekte zum Sicherheitsschutz und zum Welfare der Mitarbeiter als Erfolgsfaktor des Unternehmens bewertet wurden. Am vergangenen 28. M\u00e4rz wurde Walter Cortiana als Vertreter der Gruppe an der Universit\u00e4t LUISS Guido Carli von Rom die Anerkennung \u00fcberreicht. Die \u00dcbergabe des Preises wurde damit motiviert \u201cdass es gelungen sei, das Gleichgewicht zwischen Arbeit und Privatleben der Mitarbeiter zu erh\u00f6hen und die flexible Arbeitszeit zu einem strategischen Hebel umzuwandeln, um die Mitarbeiter noch st\u00e4rker an das Unternehmen zu binden.\u201c<\/p>\n\n<figure class=\"wp-block-image size-large\"><img fetchpriority=\"high\" decoding=\"async\" width=\"1024\" height=\"693\" src=\"https:\/\/www.catene3c.it\/wp-content\/uploads\/2024\/02\/NEWS_28-03-17_GRANDE-1024x693.jpg\" alt=\"3C Catene -\" class=\"wp-image-5210\" title=\"3C Catene -\" srcset=\"https:\/\/www.catene3c.it\/wp-content\/uploads\/2024\/02\/NEWS_28-03-17_GRANDE-1024x693.jpg 1024w, https:\/\/www.catene3c.it\/wp-content\/uploads\/2024\/02\/NEWS_28-03-17_GRANDE-300x203.jpg 300w, https:\/\/www.catene3c.it\/wp-content\/uploads\/2024\/02\/NEWS_28-03-17_GRANDE-768x520.jpg 768w, https:\/\/www.catene3c.it\/wp-content\/uploads\/2024\/02\/NEWS_28-03-17_GRANDE-600x406.jpg 600w, https:\/\/www.catene3c.it\/wp-content\/uploads\/2024\/02\/NEWS_28-03-17_GRANDE.jpg 1500w\" sizes=\"(max-width: 1024px) 100vw, 1024px\" \/><\/figure>\n","protected":false},"excerpt":{"rendered":"<p>3C CATENE erzielt den ersten Platz beim nationalen Wettbewerb WELFARE INDEX PMI f\u00fcr den Bereich Handwerk. Der Wettbewerb hat das betriebliche Welfare von 3422 italienischen PMI analysiert (454 Handwerksunternehmen) wobei die Projekte zum Sicherheitsschutz und zum Welfare der Mitarbeiter als Erfolgsfaktor des Unternehmens bewertet wurden. Am vergangenen 28. M\u00e4rz wurde Walter Cortiana als Vertreter der [&hellip;]<\/p>\n","protected":false},"author":6,"featured_media":5218,"comment_status":"closed","ping_status":"closed","sticky":false,"template":"","format":"standard","meta":{"footnotes":""},"categories":[106],"tags":[],"class_list":["post-5225","post","type-post","status-publish","format-standard","has-post-thumbnail","hentry","category-news-de"],"_links":{"self":[{"href":"https:\/\/www.catene3c.it\/de\/wp-json\/wp\/v2\/posts\/5225","targetHints":{"allow":["GET"]}}],"collection":[{"href":"https:\/\/www.catene3c.it\/de\/wp-json\/wp\/v2\/posts"}],"about":[{"href":"https:\/\/www.catene3c.it\/de\/wp-json\/wp\/v2\/types\/post"}],"author":[{"embeddable":true,"href":"https:\/\/www.catene3c.it\/de\/wp-json\/wp\/v2\/users\/6"}],"replies":[{"embeddable":true,"href":"https:\/\/www.catene3c.it\/de\/wp-json\/wp\/v2\/comments?post=5225"}],"version-history":[{"count":0,"href":"https:\/\/www.catene3c.it\/de\/wp-json\/wp\/v2\/posts\/5225\/revisions"}],"wp:featuredmedia":[{"embeddable":true,"href":"https:\/\/www.catene3c.it\/de\/wp-json\/wp\/v2\/media\/5218"}],"wp:attachment":[{"href":"https:\/\/www.catene3c.it\/de\/wp-json\/wp\/v2\/media?parent=5225"}],"wp:term":[{"taxonomy":"category","embeddable":true,"href":"https:\/\/www.catene3c.it\/de\/wp-json\/wp\/v2\/categories?post=5225"},{"taxonomy":"post_tag","embeddable":true,"href":"https:\/\/www.catene3c.it\/de\/wp-json\/wp\/v2\/tags?post=5225"}],"curies":[{"name":"wp","href":"https:\/\/api.w.org\/{rel}","templated":true}]}}