{"id":3311,"date":"2023-06-29T09:55:00","date_gmt":"2023-06-29T07:55:00","guid":{"rendered":"https:\/\/www.catene3c.it\/news-catenificio\/personalizaciones-con-la-marca-del-cliente-y-packaging\/"},"modified":"2024-01-24T17:00:27","modified_gmt":"2024-01-24T16:00:27","slug":"personalizaciones-con-la-marca-del-cliente-y-packaging","status":"publish","type":"post","link":"https:\/\/www.catene3c.it\/es\/news-catenificio\/personalizaciones-con-la-marca-del-cliente-y-packaging\/","title":{"rendered":"Personalizaciones con la marca del cliente y packaging"},"content":{"rendered":"\n<p>\u00bfQuieres personalizar las cadenas que compras con tu marca y\/o embalaje?<br\/>\u00a1Lo hacemos por ti! Podemos personalizar nuestras cadenas para ahorrarle tiempo, pensamientos y\u2026 \u00a1dinero!<br\/>&#8211; suministrar cadenas de cadenas cortadas a medida (tambi\u00e9n montadas con piezas peque\u00f1as)<br\/>&#8211; utilizar directamente su embalaje o colocando sus etiquetas en los embalajes<br\/>&#8211; gestionar longitudes diferentes a la est\u00e1ndar para madejas, cajas o bobinas de cadena<br\/>&#8211; preparar pedidos para sus clientes y enviarlos directamente a ellos. De esta forma el producto se entrega listo para ser utilizado o vendido sin mayores tr\u00e1mites ni complicaciones.<br\/>Adem\u00e1s, tambi\u00e9n para facilitar la gesti\u00f3n de las compras, podemos indicar directamente en los envases del c\u00f3digo EAN13 utilizado para identificar productos de gran distribuci\u00f3n.<br\/>Si tiene una solicitud de personalizaci\u00f3n, nos encargaremos de ella y la convertiremos en su est\u00e1ndar con el tiempo, sin m\u00e1s preocupaciones. \u00a1\u00a1\u00a1Cont\u00e1ctenos!!!<\/p>\n\n<figure class=\"wp-block-image size-large\"><img fetchpriority=\"high\" decoding=\"async\" width=\"1024\" height=\"222\" src=\"https:\/\/www.catene3c.it\/wp-content\/uploads\/2024\/01\/brand_del_cliente-1024x222.jpg\" alt=\"3C Catene -\" class=\"wp-image-3299\" title=\"3C Catene -\" srcset=\"https:\/\/www.catene3c.it\/wp-content\/uploads\/2024\/01\/brand_del_cliente-1024x222.jpg 1024w, https:\/\/www.catene3c.it\/wp-content\/uploads\/2024\/01\/brand_del_cliente-300x65.jpg 300w, https:\/\/www.catene3c.it\/wp-content\/uploads\/2024\/01\/brand_del_cliente-768x166.jpg 768w, https:\/\/www.catene3c.it\/wp-content\/uploads\/2024\/01\/brand_del_cliente-1536x332.jpg 1536w, https:\/\/www.catene3c.it\/wp-content\/uploads\/2024\/01\/brand_del_cliente-600x130.jpg 600w, https:\/\/www.catene3c.it\/wp-content\/uploads\/2024\/01\/brand_del_cliente.jpg 1848w\" sizes=\"(max-width: 1024px) 100vw, 1024px\" \/><\/figure>\n","protected":false},"excerpt":{"rendered":"<p>\u00bfQuieres personalizar las cadenas que compras con tu marca y\/o embalaje?\u00a1Lo hacemos por ti! Podemos personalizar nuestras cadenas para ahorrarle tiempo, pensamientos y\u2026 \u00a1dinero!&#8211; suministrar cadenas de cadenas cortadas a medida (tambi\u00e9n montadas con piezas peque\u00f1as)&#8211; utilizar directamente su embalaje o colocando sus etiquetas en los embalajes&#8211; gestionar longitudes diferentes a la est\u00e1ndar para madejas, [&hellip;]<\/p>\n","protected":false},"author":6,"featured_media":3298,"comment_status":"closed","ping_status":"closed","sticky":false,"template":"","format":"standard","meta":{"footnotes":""},"categories":[107],"tags":[],"class_list":["post-3311","post","type-post","status-publish","format-standard","has-post-thumbnail","hentry","category-news-es"],"_links":{"self":[{"href":"https:\/\/www.catene3c.it\/es\/wp-json\/wp\/v2\/posts\/3311","targetHints":{"allow":["GET"]}}],"collection":[{"href":"https:\/\/www.catene3c.it\/es\/wp-json\/wp\/v2\/posts"}],"about":[{"href":"https:\/\/www.catene3c.it\/es\/wp-json\/wp\/v2\/types\/post"}],"author":[{"embeddable":true,"href":"https:\/\/www.catene3c.it\/es\/wp-json\/wp\/v2\/users\/6"}],"replies":[{"embeddable":true,"href":"https:\/\/www.catene3c.it\/es\/wp-json\/wp\/v2\/comments?post=3311"}],"version-history":[{"count":0,"href":"https:\/\/www.catene3c.it\/es\/wp-json\/wp\/v2\/posts\/3311\/revisions"}],"wp:featuredmedia":[{"embeddable":true,"href":"https:\/\/www.catene3c.it\/es\/wp-json\/wp\/v2\/media\/3298"}],"wp:attachment":[{"href":"https:\/\/www.catene3c.it\/es\/wp-json\/wp\/v2\/media?parent=3311"}],"wp:term":[{"taxonomy":"category","embeddable":true,"href":"https:\/\/www.catene3c.it\/es\/wp-json\/wp\/v2\/categories?post=3311"},{"taxonomy":"post_tag","embeddable":true,"href":"https:\/\/www.catene3c.it\/es\/wp-json\/wp\/v2\/tags?post=3311"}],"curies":[{"name":"wp","href":"https:\/\/api.w.org\/{rel}","templated":true}]}}