{"id":4084,"date":"2021-05-17T15:19:00","date_gmt":"2021-05-17T13:19:00","guid":{"rendered":"https:\/\/www.catene3c.it\/news-catenificio\/ceremonia-entrega-vehiculo-transporte-para-discapacitados-anteas-lecco\/"},"modified":"2024-01-30T22:28:25","modified_gmt":"2024-01-30T21:28:25","slug":"ceremonia-entrega-vehiculo-transporte-para-discapacitados-anteas-lecco","status":"publish","type":"post","link":"https:\/\/www.catene3c.it\/es\/news-catenificio\/ceremonia-entrega-vehiculo-transporte-para-discapacitados-anteas-lecco\/","title":{"rendered":"Ceremonia entrega vehiculo transporte para discapacitados ANTEAS LECCO"},"content":{"rendered":"\n<p>El pasado 11 de mayo en la sede de <a href=\"https:\/\/anteaslombardia.org\/lecco\" target=\"_blank\" rel=\"noreferrer noopener\">ANTEAS LECCO<\/a> tuvo lugar la entrega a la comunidad de Lecco del veh\u00edculo equipado para el traslado de discapacitados.<br\/>El veh\u00edculo fue financiado por algunas empresas de Lecco y fue un verdadero placer para nosotros de 3C CATENE estar entre ellas.<br\/>De hecho, creemos que es importante que las actividades emprendedoras apoyen la solidaridad en su propio territorio como presencia, a nivel de planificaci\u00f3n y tambi\u00e9n econ\u00f3micamente.<br\/>\u00a1Muy orgullosos de haber sido parte de este hermoso proyecto! <\/p>\n\n<figure class=\"wp-block-image size-full\"><img fetchpriority=\"high\" decoding=\"async\" width=\"750\" height=\"214\" src=\"https:\/\/www.catene3c.it\/wp-content\/uploads\/2024\/01\/cerimonia_ANTEAS.jpg\" alt=\"3C Catene -\" class=\"wp-image-4072\" title=\"3C Catene -\" srcset=\"https:\/\/www.catene3c.it\/wp-content\/uploads\/2024\/01\/cerimonia_ANTEAS.jpg 750w, https:\/\/www.catene3c.it\/wp-content\/uploads\/2024\/01\/cerimonia_ANTEAS-300x86.jpg 300w, https:\/\/www.catene3c.it\/wp-content\/uploads\/2024\/01\/cerimonia_ANTEAS-600x171.jpg 600w\" sizes=\"(max-width: 750px) 100vw, 750px\" \/><\/figure>\n","protected":false},"excerpt":{"rendered":"<p>El pasado 11 de mayo en la sede de ANTEAS LECCO tuvo lugar la entrega a la comunidad de Lecco del veh\u00edculo equipado para el traslado de discapacitados.El veh\u00edculo fue financiado por algunas empresas de Lecco y fue un verdadero placer para nosotros de 3C CATENE estar entre ellas.De hecho, creemos que es importante que [&hellip;]<\/p>\n","protected":false},"author":6,"featured_media":4071,"comment_status":"closed","ping_status":"closed","sticky":false,"template":"","format":"standard","meta":{"footnotes":""},"categories":[107],"tags":[],"class_list":["post-4084","post","type-post","status-publish","format-standard","has-post-thumbnail","hentry","category-news-es"],"_links":{"self":[{"href":"https:\/\/www.catene3c.it\/es\/wp-json\/wp\/v2\/posts\/4084","targetHints":{"allow":["GET"]}}],"collection":[{"href":"https:\/\/www.catene3c.it\/es\/wp-json\/wp\/v2\/posts"}],"about":[{"href":"https:\/\/www.catene3c.it\/es\/wp-json\/wp\/v2\/types\/post"}],"author":[{"embeddable":true,"href":"https:\/\/www.catene3c.it\/es\/wp-json\/wp\/v2\/users\/6"}],"replies":[{"embeddable":true,"href":"https:\/\/www.catene3c.it\/es\/wp-json\/wp\/v2\/comments?post=4084"}],"version-history":[{"count":0,"href":"https:\/\/www.catene3c.it\/es\/wp-json\/wp\/v2\/posts\/4084\/revisions"}],"wp:featuredmedia":[{"embeddable":true,"href":"https:\/\/www.catene3c.it\/es\/wp-json\/wp\/v2\/media\/4071"}],"wp:attachment":[{"href":"https:\/\/www.catene3c.it\/es\/wp-json\/wp\/v2\/media?parent=4084"}],"wp:term":[{"taxonomy":"category","embeddable":true,"href":"https:\/\/www.catene3c.it\/es\/wp-json\/wp\/v2\/categories?post=4084"},{"taxonomy":"post_tag","embeddable":true,"href":"https:\/\/www.catene3c.it\/es\/wp-json\/wp\/v2\/tags?post=4084"}],"curies":[{"name":"wp","href":"https:\/\/api.w.org\/{rel}","templated":true}]}}