{"id":4235,"date":"2020-11-19T09:23:00","date_gmt":"2020-11-19T08:23:00","guid":{"rendered":"https:\/\/www.catene3c.it\/news-catenificio\/lo-que-dicen-de-nosotros-entrevista-a-3c-catene-en-la-revista-ferramenta-2\/"},"modified":"2024-01-31T12:26:33","modified_gmt":"2024-01-31T11:26:33","slug":"lo-que-dicen-de-nosotros-entrevista-a-3c-catene-en-la-revista-ferramenta-2","status":"publish","type":"post","link":"https:\/\/www.catene3c.it\/es\/news-catenificio\/lo-que-dicen-de-nosotros-entrevista-a-3c-catene-en-la-revista-ferramenta-2\/","title":{"rendered":"Lo que dicen de nosotros: entrevista a 3c catene en la revista Ferramenta"},"content":{"rendered":"\n<p><a href=\"http:\/\/www.ferramenta2000.net\/view\/Articoli\/cosi-si-nobilita-un-prodotto-maturo.htm\" target=\"_blank\" rel=\"noreferrer noopener\">FERRAMENTA<\/a>, la revista de referencia en Italia para el sector de ferreter\u00eda y bricolaje, ha publicado en el n\u00famero de Septiembre del 2020 en la p\u00e1gina 30 el Expediente \u00abcadenas\u00bb. El responsable comercial, Walter Cortiana, tambi\u00e9n ha sido entrevistado.<\/p>\n\n<figure class=\"wp-block-image size-full\"><img fetchpriority=\"high\" decoding=\"async\" width=\"1000\" height=\"287\" src=\"https:\/\/www.catene3c.it\/wp-content\/uploads\/2024\/01\/NEWS_intervista_Ferramenta2000_SET_20.jpg\" alt=\"3C Catene -\" class=\"wp-image-4218\" title=\"3C Catene -\" srcset=\"https:\/\/www.catene3c.it\/wp-content\/uploads\/2024\/01\/NEWS_intervista_Ferramenta2000_SET_20.jpg 1000w, https:\/\/www.catene3c.it\/wp-content\/uploads\/2024\/01\/NEWS_intervista_Ferramenta2000_SET_20-300x86.jpg 300w, https:\/\/www.catene3c.it\/wp-content\/uploads\/2024\/01\/NEWS_intervista_Ferramenta2000_SET_20-768x220.jpg 768w, https:\/\/www.catene3c.it\/wp-content\/uploads\/2024\/01\/NEWS_intervista_Ferramenta2000_SET_20-600x172.jpg 600w\" sizes=\"(max-width: 1000px) 100vw, 1000px\" \/><\/figure>\n","protected":false},"excerpt":{"rendered":"<p>FERRAMENTA, la revista de referencia en Italia para el sector de ferreter\u00eda y bricolaje, ha publicado en el n\u00famero de Septiembre del 2020 en la p\u00e1gina 30 el Expediente \u00abcadenas\u00bb. El responsable comercial, Walter Cortiana, tambi\u00e9n ha sido entrevistado.<\/p>\n","protected":false},"author":6,"featured_media":4227,"comment_status":"closed","ping_status":"closed","sticky":false,"template":"","format":"standard","meta":{"footnotes":""},"categories":[107],"tags":[],"class_list":["post-4235","post","type-post","status-publish","format-standard","has-post-thumbnail","hentry","category-news-es"],"_links":{"self":[{"href":"https:\/\/www.catene3c.it\/es\/wp-json\/wp\/v2\/posts\/4235","targetHints":{"allow":["GET"]}}],"collection":[{"href":"https:\/\/www.catene3c.it\/es\/wp-json\/wp\/v2\/posts"}],"about":[{"href":"https:\/\/www.catene3c.it\/es\/wp-json\/wp\/v2\/types\/post"}],"author":[{"embeddable":true,"href":"https:\/\/www.catene3c.it\/es\/wp-json\/wp\/v2\/users\/6"}],"replies":[{"embeddable":true,"href":"https:\/\/www.catene3c.it\/es\/wp-json\/wp\/v2\/comments?post=4235"}],"version-history":[{"count":0,"href":"https:\/\/www.catene3c.it\/es\/wp-json\/wp\/v2\/posts\/4235\/revisions"}],"wp:featuredmedia":[{"embeddable":true,"href":"https:\/\/www.catene3c.it\/es\/wp-json\/wp\/v2\/media\/4227"}],"wp:attachment":[{"href":"https:\/\/www.catene3c.it\/es\/wp-json\/wp\/v2\/media?parent=4235"}],"wp:term":[{"taxonomy":"category","embeddable":true,"href":"https:\/\/www.catene3c.it\/es\/wp-json\/wp\/v2\/categories?post=4235"},{"taxonomy":"post_tag","embeddable":true,"href":"https:\/\/www.catene3c.it\/es\/wp-json\/wp\/v2\/tags?post=4235"}],"curies":[{"name":"wp","href":"https:\/\/api.w.org\/{rel}","templated":true}]}}