{"id":4576,"date":"2019-10-24T18:38:00","date_gmt":"2019-10-24T16:38:00","guid":{"rendered":"https:\/\/www.catene3c.it\/news-catenificio\/lo-que-dicen-de-nosotros-entrevista-a-3c-catene-en-la-revista-ferramenta-3\/"},"modified":"2024-02-03T17:58:39","modified_gmt":"2024-02-03T16:58:39","slug":"lo-que-dicen-de-nosotros-entrevista-a-3c-catene-en-la-revista-ferramenta-3","status":"publish","type":"post","link":"https:\/\/www.catene3c.it\/es\/news-catenificio\/lo-que-dicen-de-nosotros-entrevista-a-3c-catene-en-la-revista-ferramenta-3\/","title":{"rendered":"Lo que dicen de nosotros: entrevista a 3C Catene en la revista Ferramenta"},"content":{"rendered":"\n<p><a href=\"http:\/\/www.ferramenta2000.net\/\" target=\"_blank\" rel=\"noreferrer noopener\">FERRAMENTA<\/a>, la revista de referencia en Italia para el sector de ferreter\u00eda y bricolaje, ha publicado en el n\u00famero de Septiembre del 2019 en la p\u00e1gina 70 el Expediente \u00abcadenas\u00bb. El responsable comercial, Walter Cortiana, tambi\u00e9n ha sido entrevistado.<\/p>\n\n<figure class=\"wp-block-image size-full\"><img fetchpriority=\"high\" decoding=\"async\" width=\"1000\" height=\"707\" src=\"https:\/\/www.catene3c.it\/wp-content\/uploads\/2024\/02\/intervista_Ferramenta2000_2019.jpg\" alt=\"3C Catene -\" class=\"wp-image-4558\" title=\"3C Catene -\" srcset=\"https:\/\/www.catene3c.it\/wp-content\/uploads\/2024\/02\/intervista_Ferramenta2000_2019.jpg 1000w, https:\/\/www.catene3c.it\/wp-content\/uploads\/2024\/02\/intervista_Ferramenta2000_2019-300x212.jpg 300w, https:\/\/www.catene3c.it\/wp-content\/uploads\/2024\/02\/intervista_Ferramenta2000_2019-768x543.jpg 768w, https:\/\/www.catene3c.it\/wp-content\/uploads\/2024\/02\/intervista_Ferramenta2000_2019-600x424.jpg 600w\" sizes=\"(max-width: 1000px) 100vw, 1000px\" \/><\/figure>\n","protected":false},"excerpt":{"rendered":"<p>FERRAMENTA, la revista de referencia en Italia para el sector de ferreter\u00eda y bricolaje, ha publicado en el n\u00famero de Septiembre del 2019 en la p\u00e1gina 70 el Expediente \u00abcadenas\u00bb. El responsable comercial, Walter Cortiana, tambi\u00e9n ha sido entrevistado.<\/p>\n","protected":false},"author":6,"featured_media":4567,"comment_status":"closed","ping_status":"closed","sticky":false,"template":"","format":"standard","meta":{"footnotes":""},"categories":[107],"tags":[],"class_list":["post-4576","post","type-post","status-publish","format-standard","has-post-thumbnail","hentry","category-news-es"],"_links":{"self":[{"href":"https:\/\/www.catene3c.it\/es\/wp-json\/wp\/v2\/posts\/4576","targetHints":{"allow":["GET"]}}],"collection":[{"href":"https:\/\/www.catene3c.it\/es\/wp-json\/wp\/v2\/posts"}],"about":[{"href":"https:\/\/www.catene3c.it\/es\/wp-json\/wp\/v2\/types\/post"}],"author":[{"embeddable":true,"href":"https:\/\/www.catene3c.it\/es\/wp-json\/wp\/v2\/users\/6"}],"replies":[{"embeddable":true,"href":"https:\/\/www.catene3c.it\/es\/wp-json\/wp\/v2\/comments?post=4576"}],"version-history":[{"count":0,"href":"https:\/\/www.catene3c.it\/es\/wp-json\/wp\/v2\/posts\/4576\/revisions"}],"wp:featuredmedia":[{"embeddable":true,"href":"https:\/\/www.catene3c.it\/es\/wp-json\/wp\/v2\/media\/4567"}],"wp:attachment":[{"href":"https:\/\/www.catene3c.it\/es\/wp-json\/wp\/v2\/media?parent=4576"}],"wp:term":[{"taxonomy":"category","embeddable":true,"href":"https:\/\/www.catene3c.it\/es\/wp-json\/wp\/v2\/categories?post=4576"},{"taxonomy":"post_tag","embeddable":true,"href":"https:\/\/www.catene3c.it\/es\/wp-json\/wp\/v2\/tags?post=4576"}],"curies":[{"name":"wp","href":"https:\/\/api.w.org\/{rel}","templated":true}]}}