{"id":4596,"date":"2019-09-19T16:10:00","date_gmt":"2019-09-19T14:10:00","guid":{"rendered":"https:\/\/www.catene3c.it\/news-catenificio\/estandarizamos-vuestras-personalizaciones\/"},"modified":"2024-02-03T18:14:07","modified_gmt":"2024-02-03T17:14:07","slug":"estandarizamos-vuestras-personalizaciones","status":"publish","type":"post","link":"https:\/\/www.catene3c.it\/es\/news-catenificio\/estandarizamos-vuestras-personalizaciones\/","title":{"rendered":"Estandarizamos vuestras personalizaciones"},"content":{"rendered":"\n<p>Podemos personalizar nuestros productos seg\u00fan vuestras exigencias.<br\/>Personalizaciones que se refieren a la cadena cortada a medida, los envasados, los embalajes y los acabados.<br\/>Podemos tambi\u00e9n poner vuestras etiquetas sobre los envasados o directamente envasar la cadena usando vuestro packaging.<br\/>As\u00ed tendr\u00e1n el producto ya listo para ser usado o vendido sin m\u00e1s pasos o complicaciones.<br\/>Una vez que nos hacemos cargo de vuestras solicitudes de personalizaci\u00f3n, nos encargamos nosotros de convertirlas en un est\u00e1ndar y a mantenerlas siempre constantes a lo largo del tiempo, sin m\u00e1s preocupaciones de parte vuestra.<\/p>\n\n<figure class=\"wp-block-image size-large\"><img fetchpriority=\"high\" decoding=\"async\" width=\"1024\" height=\"601\" src=\"https:\/\/www.catene3c.it\/wp-content\/uploads\/2024\/02\/da_cosi_a_cosi-1024x601.jpg\" alt=\"3C Catene -\" class=\"wp-image-4579\" title=\"3C Catene -\" srcset=\"https:\/\/www.catene3c.it\/wp-content\/uploads\/2024\/02\/da_cosi_a_cosi-1024x601.jpg 1024w, https:\/\/www.catene3c.it\/wp-content\/uploads\/2024\/02\/da_cosi_a_cosi-300x176.jpg 300w, https:\/\/www.catene3c.it\/wp-content\/uploads\/2024\/02\/da_cosi_a_cosi-768x451.jpg 768w, https:\/\/www.catene3c.it\/wp-content\/uploads\/2024\/02\/da_cosi_a_cosi-1536x902.jpg 1536w, https:\/\/www.catene3c.it\/wp-content\/uploads\/2024\/02\/da_cosi_a_cosi-600x352.jpg 600w, https:\/\/www.catene3c.it\/wp-content\/uploads\/2024\/02\/da_cosi_a_cosi.jpg 1848w\" sizes=\"(max-width: 1024px) 100vw, 1024px\" \/><\/figure>\n","protected":false},"excerpt":{"rendered":"<p>Podemos personalizar nuestros productos seg\u00fan vuestras exigencias.Personalizaciones que se refieren a la cadena cortada a medida, los envasados, los embalajes y los acabados.Podemos tambi\u00e9n poner vuestras etiquetas sobre los envasados o directamente envasar la cadena usando vuestro packaging.As\u00ed tendr\u00e1n el producto ya listo para ser usado o vendido sin m\u00e1s pasos o complicaciones.Una vez que [&hellip;]<\/p>\n","protected":false},"author":6,"featured_media":4588,"comment_status":"closed","ping_status":"closed","sticky":false,"template":"","format":"standard","meta":{"footnotes":""},"categories":[107],"tags":[],"class_list":["post-4596","post","type-post","status-publish","format-standard","has-post-thumbnail","hentry","category-news-es"],"_links":{"self":[{"href":"https:\/\/www.catene3c.it\/es\/wp-json\/wp\/v2\/posts\/4596","targetHints":{"allow":["GET"]}}],"collection":[{"href":"https:\/\/www.catene3c.it\/es\/wp-json\/wp\/v2\/posts"}],"about":[{"href":"https:\/\/www.catene3c.it\/es\/wp-json\/wp\/v2\/types\/post"}],"author":[{"embeddable":true,"href":"https:\/\/www.catene3c.it\/es\/wp-json\/wp\/v2\/users\/6"}],"replies":[{"embeddable":true,"href":"https:\/\/www.catene3c.it\/es\/wp-json\/wp\/v2\/comments?post=4596"}],"version-history":[{"count":0,"href":"https:\/\/www.catene3c.it\/es\/wp-json\/wp\/v2\/posts\/4596\/revisions"}],"wp:featuredmedia":[{"embeddable":true,"href":"https:\/\/www.catene3c.it\/es\/wp-json\/wp\/v2\/media\/4588"}],"wp:attachment":[{"href":"https:\/\/www.catene3c.it\/es\/wp-json\/wp\/v2\/media?parent=4596"}],"wp:term":[{"taxonomy":"category","embeddable":true,"href":"https:\/\/www.catene3c.it\/es\/wp-json\/wp\/v2\/categories?post=4596"},{"taxonomy":"post_tag","embeddable":true,"href":"https:\/\/www.catene3c.it\/es\/wp-json\/wp\/v2\/tags?post=4596"}],"curies":[{"name":"wp","href":"https:\/\/api.w.org\/{rel}","templated":true}]}}