{"id":3265,"date":"2023-07-07T17:31:00","date_gmt":"2023-07-07T15:31:00","guid":{"rendered":"https:\/\/www.catene3c.it\/news-catenificio\/fermeture-de-lentreprise-pour-les-vacances-dete\/"},"modified":"2024-01-24T16:21:38","modified_gmt":"2024-01-24T15:21:38","slug":"fermeture-de-lentreprise-pour-les-vacances-dete","status":"publish","type":"post","link":"https:\/\/www.catene3c.it\/fr\/news-catenificio\/fermeture-de-lentreprise-pour-les-vacances-dete\/","title":{"rendered":"Fermeture de l\u2019entreprise pour les vacances d\u2019\u00e9t\u00e9"},"content":{"rendered":"\n<p>Nous vous informons que, pendant la p\u00e9riode d\u2019\u00e9t\u00e9, nous serons ferm\u00e9s du Samedi 5 au Dimanche 27 Ao\u00fbt.<\/p>\n\n<figure class=\"wp-block-image size-large\"><img fetchpriority=\"high\" decoding=\"async\" width=\"1024\" height=\"332\" src=\"https:\/\/www.catene3c.it\/wp-content\/uploads\/2024\/01\/vacanze_estive_2023-1024x332.jpg\" alt=\"3C Catene -\" class=\"wp-image-3252\" title=\"3C Catene -\" srcset=\"https:\/\/www.catene3c.it\/wp-content\/uploads\/2024\/01\/vacanze_estive_2023-1024x332.jpg 1024w, https:\/\/www.catene3c.it\/wp-content\/uploads\/2024\/01\/vacanze_estive_2023-300x97.jpg 300w, https:\/\/www.catene3c.it\/wp-content\/uploads\/2024\/01\/vacanze_estive_2023-768x249.jpg 768w, https:\/\/www.catene3c.it\/wp-content\/uploads\/2024\/01\/vacanze_estive_2023-600x195.jpg 600w, https:\/\/www.catene3c.it\/wp-content\/uploads\/2024\/01\/vacanze_estive_2023.jpg 1500w\" sizes=\"(max-width: 1024px) 100vw, 1024px\" \/><\/figure>\n","protected":false},"excerpt":{"rendered":"<p>Nous vous informons que, pendant la p\u00e9riode d\u2019\u00e9t\u00e9, nous serons ferm\u00e9s du Samedi 5 au Dimanche 27 Ao\u00fbt.<\/p>\n","protected":false},"author":6,"featured_media":3259,"comment_status":"closed","ping_status":"closed","sticky":false,"template":"","format":"standard","meta":{"footnotes":""},"categories":[105],"tags":[],"class_list":["post-3265","post","type-post","status-publish","format-standard","has-post-thumbnail","hentry","category-news-fr"],"_links":{"self":[{"href":"https:\/\/www.catene3c.it\/fr\/wp-json\/wp\/v2\/posts\/3265","targetHints":{"allow":["GET"]}}],"collection":[{"href":"https:\/\/www.catene3c.it\/fr\/wp-json\/wp\/v2\/posts"}],"about":[{"href":"https:\/\/www.catene3c.it\/fr\/wp-json\/wp\/v2\/types\/post"}],"author":[{"embeddable":true,"href":"https:\/\/www.catene3c.it\/fr\/wp-json\/wp\/v2\/users\/6"}],"replies":[{"embeddable":true,"href":"https:\/\/www.catene3c.it\/fr\/wp-json\/wp\/v2\/comments?post=3265"}],"version-history":[{"count":0,"href":"https:\/\/www.catene3c.it\/fr\/wp-json\/wp\/v2\/posts\/3265\/revisions"}],"wp:featuredmedia":[{"embeddable":true,"href":"https:\/\/www.catene3c.it\/fr\/wp-json\/wp\/v2\/media\/3259"}],"wp:attachment":[{"href":"https:\/\/www.catene3c.it\/fr\/wp-json\/wp\/v2\/media?parent=3265"}],"wp:term":[{"taxonomy":"category","embeddable":true,"href":"https:\/\/www.catene3c.it\/fr\/wp-json\/wp\/v2\/categories?post=3265"},{"taxonomy":"post_tag","embeddable":true,"href":"https:\/\/www.catene3c.it\/fr\/wp-json\/wp\/v2\/tags?post=3265"}],"curies":[{"name":"wp","href":"https:\/\/api.w.org\/{rel}","templated":true}]}}