{"id":3372,"date":"2023-04-11T08:19:00","date_gmt":"2023-04-11T06:19:00","guid":{"rendered":"https:\/\/www.catene3c.it\/news-catenificio\/3c-catene-pour-lenvironnement-des-petits-pas-pour-un-monde-meilleur\/"},"modified":"2024-01-24T22:44:17","modified_gmt":"2024-01-24T21:44:17","slug":"3c-catene-pour-lenvironnement-des-petits-pas-pour-un-monde-meilleur","status":"publish","type":"post","link":"https:\/\/www.catene3c.it\/fr\/news-catenificio\/3c-catene-pour-lenvironnement-des-petits-pas-pour-un-monde-meilleur\/","title":{"rendered":"3C Cat\u00e8ne pour l&rsquo;environnement : des petits pas pour un monde meilleur"},"content":{"rendered":"\n<p>3C Catene se pr\u00e9pare \u00e0 lancer les activit\u00e9s concernant <strong>le projet d&rsquo;efficacit\u00e9 \u00e9nerg\u00e9tique<\/strong> lanc\u00e9 en juillet 2022. Apr\u00e8s une p\u00e9riode d&rsquo;analyse des donn\u00e9es sur la consommation des diff\u00e9rents d\u00e9partements et machines\/\u00e9quipements, ainsi que des \u00e9valuations strat\u00e9giques sur les possibilit\u00e9s d&rsquo;\u00e9conomie d&rsquo;\u00e9nergie et de production d&rsquo;\u00e9lectricit\u00e9 , il est enfin temps de se lancer.<\/p>\n\n<p><em>\u00ab Le projet d\u00e9coule de la vision de minimiser l&rsquo;impact de l&rsquo;entreprise en termes de climat, qui nous voit d\u00e9j\u00e0 aujourd&rsquo;hui assez performants dans la consommation de ressources \u00e9nerg\u00e9tiques et la production de d\u00e9chets. L&rsquo;objectif premier est d&rsquo;atteindre une ind\u00e9pendance \u00e9nerg\u00e9tique de 70 % par rapport aux besoins des proc\u00e9d\u00e9s standards d&rsquo;ici juin 2023 \u00bb<\/em>, a comment\u00e9 <strong>Walter Cortiana, directeur commercial de 3C Catene<\/strong>.<\/p>\n\n<p><strong>Le projet va se d\u00e9rouler en 3 phases essentielles :<\/strong><br\/>&#8211; le remplacement des syst\u00e8mes particuli\u00e8rement \u00e9nergivores par des syst\u00e8mes de derni\u00e8re g\u00e9n\u00e9ration ;<br\/>&#8211; l&rsquo;\u00e9limination de la ressource en gaz m\u00e9thane pour le chauffage des locaux, en rempla\u00e7ant les syst\u00e8mes actuels par de nouveaux \u00e9quipements de pompes \u00e0 chaleur;<br\/>&#8211; l&rsquo;installation d&rsquo;un syst\u00e8me photovolta\u00efque sur le toit du site de production.<\/p>\n\n<p><em>\u00ab Nous pensons que chacun doit faire sa part pour consommer le moins possible les ressources de la plan\u00e8te et que les sources renouvelables peuvent \u00eatre le moyen le plus efficace et le plus durable de donner de l&rsquo;\u00e9nergie aux processus industriels et d&rsquo;am\u00e9liorer encore plus nos produits et services \u00bb. <\/em><\/p>\n\n<figure class=\"wp-block-image size-full\"><img fetchpriority=\"high\" decoding=\"async\" width=\"738\" height=\"276\" src=\"https:\/\/www.catene3c.it\/wp-content\/uploads\/2024\/01\/3C_per_lambiente.jpg\" alt=\"3C Catene -\" class=\"wp-image-3364\" title=\"3C Catene -\" srcset=\"https:\/\/www.catene3c.it\/wp-content\/uploads\/2024\/01\/3C_per_lambiente.jpg 738w, https:\/\/www.catene3c.it\/wp-content\/uploads\/2024\/01\/3C_per_lambiente-300x112.jpg 300w, https:\/\/www.catene3c.it\/wp-content\/uploads\/2024\/01\/3C_per_lambiente-600x224.jpg 600w\" sizes=\"(max-width: 738px) 100vw, 738px\" \/><\/figure>\n","protected":false},"excerpt":{"rendered":"<p>3C Catene se pr\u00e9pare \u00e0 lancer les activit\u00e9s concernant le projet d&rsquo;efficacit\u00e9 \u00e9nerg\u00e9tique lanc\u00e9 en juillet 2022. Apr\u00e8s une p\u00e9riode d&rsquo;analyse des donn\u00e9es sur la consommation des diff\u00e9rents d\u00e9partements et machines\/\u00e9quipements, ainsi que des \u00e9valuations strat\u00e9giques sur les possibilit\u00e9s d&rsquo;\u00e9conomie d&rsquo;\u00e9nergie et de production d&rsquo;\u00e9lectricit\u00e9 , il est enfin temps de se lancer. \u00ab Le [&hellip;]<\/p>\n","protected":false},"author":6,"featured_media":3361,"comment_status":"closed","ping_status":"closed","sticky":false,"template":"","format":"standard","meta":{"footnotes":""},"categories":[105],"tags":[],"class_list":["post-3372","post","type-post","status-publish","format-standard","has-post-thumbnail","hentry","category-news-fr"],"_links":{"self":[{"href":"https:\/\/www.catene3c.it\/fr\/wp-json\/wp\/v2\/posts\/3372","targetHints":{"allow":["GET"]}}],"collection":[{"href":"https:\/\/www.catene3c.it\/fr\/wp-json\/wp\/v2\/posts"}],"about":[{"href":"https:\/\/www.catene3c.it\/fr\/wp-json\/wp\/v2\/types\/post"}],"author":[{"embeddable":true,"href":"https:\/\/www.catene3c.it\/fr\/wp-json\/wp\/v2\/users\/6"}],"replies":[{"embeddable":true,"href":"https:\/\/www.catene3c.it\/fr\/wp-json\/wp\/v2\/comments?post=3372"}],"version-history":[{"count":0,"href":"https:\/\/www.catene3c.it\/fr\/wp-json\/wp\/v2\/posts\/3372\/revisions"}],"wp:featuredmedia":[{"embeddable":true,"href":"https:\/\/www.catene3c.it\/fr\/wp-json\/wp\/v2\/media\/3361"}],"wp:attachment":[{"href":"https:\/\/www.catene3c.it\/fr\/wp-json\/wp\/v2\/media?parent=3372"}],"wp:term":[{"taxonomy":"category","embeddable":true,"href":"https:\/\/www.catene3c.it\/fr\/wp-json\/wp\/v2\/categories?post=3372"},{"taxonomy":"post_tag","embeddable":true,"href":"https:\/\/www.catene3c.it\/fr\/wp-json\/wp\/v2\/tags?post=3372"}],"curies":[{"name":"wp","href":"https:\/\/api.w.org\/{rel}","templated":true}]}}