{"id":3414,"date":"2023-01-25T08:38:00","date_gmt":"2023-01-25T07:38:00","guid":{"rendered":"https:\/\/www.catene3c.it\/news-catenificio\/ce-que-lon-dit-de-nous-interview-a-3c-catene-sur-le-magazine-ferramenta\/"},"modified":"2024-01-24T23:29:20","modified_gmt":"2024-01-24T22:29:20","slug":"ce-que-lon-dit-de-nous-interview-a-3c-catene-sur-le-magazine-ferramenta","status":"publish","type":"post","link":"https:\/\/www.catene3c.it\/fr\/news-catenificio\/ce-que-lon-dit-de-nous-interview-a-3c-catene-sur-le-magazine-ferramenta\/","title":{"rendered":"Ce que l\u2019on dit de nous: interview \u00e0 3c catene sur le magazine \u201cferramenta\u201d"},"content":{"rendered":"\n<p><a href=\"http:\/\/www.ferramenta2000.net\/view\/Articoli\/cosi-si-nobilita-un-prodotto-maturo.htm\" target=\"_blank\" rel=\"noreferrer noopener\">FERRAMENTA<\/a>, le magazine de r\u00e9f\u00e9rence en Italie pour le secteur de la quincaillerie et du bricolage, a publi\u00e9 dans le num\u00e9ro de Septembre 2022, \u00e0 la page 75 le Dossier \u00ab\u00a0cha\u00eenes\u00a0\u00bb. Le responsable commercial, Walter Cortiana, a \u00e9galement \u00e9t\u00e9 interview\u00e9.<\/p>\n\n<figure class=\"wp-block-image size-large\"><img fetchpriority=\"high\" decoding=\"async\" width=\"1024\" height=\"360\" src=\"https:\/\/www.catene3c.it\/wp-content\/uploads\/2024\/01\/intervista_ferramenta_2000_22-1024x360.jpg\" alt=\"3C Catene -\" class=\"wp-image-3399\" title=\"3C Catene -\" srcset=\"https:\/\/www.catene3c.it\/wp-content\/uploads\/2024\/01\/intervista_ferramenta_2000_22-1024x360.jpg 1024w, https:\/\/www.catene3c.it\/wp-content\/uploads\/2024\/01\/intervista_ferramenta_2000_22-300x106.jpg 300w, https:\/\/www.catene3c.it\/wp-content\/uploads\/2024\/01\/intervista_ferramenta_2000_22-768x270.jpg 768w, https:\/\/www.catene3c.it\/wp-content\/uploads\/2024\/01\/intervista_ferramenta_2000_22-600x211.jpg 600w, https:\/\/www.catene3c.it\/wp-content\/uploads\/2024\/01\/intervista_ferramenta_2000_22.jpg 1500w\" sizes=\"(max-width: 1024px) 100vw, 1024px\" \/><\/figure>\n","protected":false},"excerpt":{"rendered":"<p>FERRAMENTA, le magazine de r\u00e9f\u00e9rence en Italie pour le secteur de la quincaillerie et du bricolage, a publi\u00e9 dans le num\u00e9ro de Septembre 2022, \u00e0 la page 75 le Dossier \u00ab\u00a0cha\u00eenes\u00a0\u00bb. Le responsable commercial, Walter Cortiana, a \u00e9galement \u00e9t\u00e9 interview\u00e9.<\/p>\n","protected":false},"author":6,"featured_media":3406,"comment_status":"closed","ping_status":"closed","sticky":false,"template":"","format":"standard","meta":{"footnotes":""},"categories":[105],"tags":[],"class_list":["post-3414","post","type-post","status-publish","format-standard","has-post-thumbnail","hentry","category-news-fr"],"_links":{"self":[{"href":"https:\/\/www.catene3c.it\/fr\/wp-json\/wp\/v2\/posts\/3414","targetHints":{"allow":["GET"]}}],"collection":[{"href":"https:\/\/www.catene3c.it\/fr\/wp-json\/wp\/v2\/posts"}],"about":[{"href":"https:\/\/www.catene3c.it\/fr\/wp-json\/wp\/v2\/types\/post"}],"author":[{"embeddable":true,"href":"https:\/\/www.catene3c.it\/fr\/wp-json\/wp\/v2\/users\/6"}],"replies":[{"embeddable":true,"href":"https:\/\/www.catene3c.it\/fr\/wp-json\/wp\/v2\/comments?post=3414"}],"version-history":[{"count":0,"href":"https:\/\/www.catene3c.it\/fr\/wp-json\/wp\/v2\/posts\/3414\/revisions"}],"wp:featuredmedia":[{"embeddable":true,"href":"https:\/\/www.catene3c.it\/fr\/wp-json\/wp\/v2\/media\/3406"}],"wp:attachment":[{"href":"https:\/\/www.catene3c.it\/fr\/wp-json\/wp\/v2\/media?parent=3414"}],"wp:term":[{"taxonomy":"category","embeddable":true,"href":"https:\/\/www.catene3c.it\/fr\/wp-json\/wp\/v2\/categories?post=3414"},{"taxonomy":"post_tag","embeddable":true,"href":"https:\/\/www.catene3c.it\/fr\/wp-json\/wp\/v2\/tags?post=3414"}],"curies":[{"name":"wp","href":"https:\/\/api.w.org\/{rel}","templated":true}]}}