{"id":3518,"date":"2022-07-06T10:37:00","date_gmt":"2022-07-06T08:37:00","guid":{"rendered":"https:\/\/www.catene3c.it\/news-catenificio\/fermeture-de-lentreprise-pour-les-vacances-dete-2\/"},"modified":"2024-01-25T12:15:25","modified_gmt":"2024-01-25T11:15:25","slug":"fermeture-de-lentreprise-pour-les-vacances-dete-2","status":"publish","type":"post","link":"https:\/\/www.catene3c.it\/fr\/news-catenificio\/fermeture-de-lentreprise-pour-les-vacances-dete-2\/","title":{"rendered":"Fermeture de l\u2019entreprise pour les vacances d\u2019\u00e9t\u00e9"},"content":{"rendered":"\n<p>Nous vous informons que, pendant la p\u00e9riode d\u2019\u00e9t\u00e9, nous serons ferm\u00e9s du Samedi 6 au Dimanche 28 Ao\u00fbt.<\/p>\n\n<figure class=\"wp-block-image size-full\"><img fetchpriority=\"high\" decoding=\"async\" width=\"750\" height=\"422\" src=\"https:\/\/www.catene3c.it\/wp-content\/uploads\/2024\/01\/ESTATE_22_ITA.jpg\" alt=\"3C Catene -\" class=\"wp-image-3505\" title=\"3C Catene -\" srcset=\"https:\/\/www.catene3c.it\/wp-content\/uploads\/2024\/01\/ESTATE_22_ITA.jpg 750w, https:\/\/www.catene3c.it\/wp-content\/uploads\/2024\/01\/ESTATE_22_ITA-300x169.jpg 300w, https:\/\/www.catene3c.it\/wp-content\/uploads\/2024\/01\/ESTATE_22_ITA-600x338.jpg 600w\" sizes=\"(max-width: 750px) 100vw, 750px\" \/><\/figure>\n","protected":false},"excerpt":{"rendered":"<p>Nous vous informons que, pendant la p\u00e9riode d\u2019\u00e9t\u00e9, nous serons ferm\u00e9s du Samedi 6 au Dimanche 28 Ao\u00fbt.<\/p>\n","protected":false},"author":6,"featured_media":3512,"comment_status":"closed","ping_status":"closed","sticky":false,"template":"","format":"standard","meta":{"footnotes":""},"categories":[105],"tags":[],"class_list":["post-3518","post","type-post","status-publish","format-standard","has-post-thumbnail","hentry","category-news-fr"],"_links":{"self":[{"href":"https:\/\/www.catene3c.it\/fr\/wp-json\/wp\/v2\/posts\/3518","targetHints":{"allow":["GET"]}}],"collection":[{"href":"https:\/\/www.catene3c.it\/fr\/wp-json\/wp\/v2\/posts"}],"about":[{"href":"https:\/\/www.catene3c.it\/fr\/wp-json\/wp\/v2\/types\/post"}],"author":[{"embeddable":true,"href":"https:\/\/www.catene3c.it\/fr\/wp-json\/wp\/v2\/users\/6"}],"replies":[{"embeddable":true,"href":"https:\/\/www.catene3c.it\/fr\/wp-json\/wp\/v2\/comments?post=3518"}],"version-history":[{"count":0,"href":"https:\/\/www.catene3c.it\/fr\/wp-json\/wp\/v2\/posts\/3518\/revisions"}],"wp:featuredmedia":[{"embeddable":true,"href":"https:\/\/www.catene3c.it\/fr\/wp-json\/wp\/v2\/media\/3512"}],"wp:attachment":[{"href":"https:\/\/www.catene3c.it\/fr\/wp-json\/wp\/v2\/media?parent=3518"}],"wp:term":[{"taxonomy":"category","embeddable":true,"href":"https:\/\/www.catene3c.it\/fr\/wp-json\/wp\/v2\/categories?post=3518"},{"taxonomy":"post_tag","embeddable":true,"href":"https:\/\/www.catene3c.it\/fr\/wp-json\/wp\/v2\/tags?post=3518"}],"curies":[{"name":"wp","href":"https:\/\/api.w.org\/{rel}","templated":true}]}}