{"id":4080,"date":"2021-05-17T15:19:00","date_gmt":"2021-05-17T13:19:00","guid":{"rendered":"https:\/\/www.catene3c.it\/news-catenificio\/ceremonie-de-livraison-vehicule-pour-transport-des-personnes-handicapes-anteas-lecco\/"},"modified":"2024-01-30T22:24:53","modified_gmt":"2024-01-30T21:24:53","slug":"ceremonie-de-livraison-vehicule-pour-transport-des-personnes-handicapes-anteas-lecco","status":"publish","type":"post","link":"https:\/\/www.catene3c.it\/fr\/news-catenificio\/ceremonie-de-livraison-vehicule-pour-transport-des-personnes-handicapes-anteas-lecco\/","title":{"rendered":"C\u00e9r\u00e9monie de livraison v\u00e9hicule pour transport des personnes handicap\u00e9s ANTEAS LECCO"},"content":{"rendered":"\n<p>Le 11 mai au si\u00e8ge d&rsquo;<a href=\"https:\/\/anteaslombardia.org\/lecco\" target=\"_blank\" rel=\"noreferrer noopener\">ANT\u00c9AS LECCO<\/a> a eu lieu la c\u00e9r\u00e9monie de remise \u00e0 la communaut\u00e9 de Lecco du v\u00e9hicule \u00e9quip\u00e9 pour le d\u00e9placement des personnes handicap\u00e9es.<br\/>Le v\u00e9hicule a \u00e9t\u00e9 financ\u00e9 par certaines entreprises de Lecco et ce fut un plaisir pour 3C CATENE d&rsquo;\u00eatre parmi elles.<br\/>En fait, nous pensons qu&rsquo;il est important que les activit\u00e9s entrepreneuriales soutiennent la solidarit\u00e9 sur leur propre territoire en tant que pr\u00e9sence, au niveau de projets et aussi sur le plan \u00e9conomique.<br\/>Fiers donc d&rsquo;avoir particip\u00e9 \u00e0 ce beau projet! <\/p>\n\n<figure class=\"wp-block-image size-full\"><img fetchpriority=\"high\" decoding=\"async\" width=\"750\" height=\"214\" src=\"https:\/\/www.catene3c.it\/wp-content\/uploads\/2024\/01\/cerimonia_ANTEAS.jpg\" alt=\"3C Catene -\" class=\"wp-image-4072\" title=\"3C Catene -\" srcset=\"https:\/\/www.catene3c.it\/wp-content\/uploads\/2024\/01\/cerimonia_ANTEAS.jpg 750w, https:\/\/www.catene3c.it\/wp-content\/uploads\/2024\/01\/cerimonia_ANTEAS-300x86.jpg 300w, https:\/\/www.catene3c.it\/wp-content\/uploads\/2024\/01\/cerimonia_ANTEAS-600x171.jpg 600w\" sizes=\"(max-width: 750px) 100vw, 750px\" \/><\/figure>\n","protected":false},"excerpt":{"rendered":"<p>Le 11 mai au si\u00e8ge d&rsquo;ANT\u00c9AS LECCO a eu lieu la c\u00e9r\u00e9monie de remise \u00e0 la communaut\u00e9 de Lecco du v\u00e9hicule \u00e9quip\u00e9 pour le d\u00e9placement des personnes handicap\u00e9es.Le v\u00e9hicule a \u00e9t\u00e9 financ\u00e9 par certaines entreprises de Lecco et ce fut un plaisir pour 3C CATENE d&rsquo;\u00eatre parmi elles.En fait, nous pensons qu&rsquo;il est important que [&hellip;]<\/p>\n","protected":false},"author":6,"featured_media":4069,"comment_status":"closed","ping_status":"closed","sticky":false,"template":"","format":"standard","meta":{"footnotes":""},"categories":[105],"tags":[],"class_list":["post-4080","post","type-post","status-publish","format-standard","has-post-thumbnail","hentry","category-news-fr"],"_links":{"self":[{"href":"https:\/\/www.catene3c.it\/fr\/wp-json\/wp\/v2\/posts\/4080","targetHints":{"allow":["GET"]}}],"collection":[{"href":"https:\/\/www.catene3c.it\/fr\/wp-json\/wp\/v2\/posts"}],"about":[{"href":"https:\/\/www.catene3c.it\/fr\/wp-json\/wp\/v2\/types\/post"}],"author":[{"embeddable":true,"href":"https:\/\/www.catene3c.it\/fr\/wp-json\/wp\/v2\/users\/6"}],"replies":[{"embeddable":true,"href":"https:\/\/www.catene3c.it\/fr\/wp-json\/wp\/v2\/comments?post=4080"}],"version-history":[{"count":0,"href":"https:\/\/www.catene3c.it\/fr\/wp-json\/wp\/v2\/posts\/4080\/revisions"}],"wp:featuredmedia":[{"embeddable":true,"href":"https:\/\/www.catene3c.it\/fr\/wp-json\/wp\/v2\/media\/4069"}],"wp:attachment":[{"href":"https:\/\/www.catene3c.it\/fr\/wp-json\/wp\/v2\/media?parent=4080"}],"wp:term":[{"taxonomy":"category","embeddable":true,"href":"https:\/\/www.catene3c.it\/fr\/wp-json\/wp\/v2\/categories?post=4080"},{"taxonomy":"post_tag","embeddable":true,"href":"https:\/\/www.catene3c.it\/fr\/wp-json\/wp\/v2\/tags?post=4080"}],"curies":[{"name":"wp","href":"https:\/\/api.w.org\/{rel}","templated":true}]}}