{"id":5189,"date":"2017-12-08T15:15:00","date_gmt":"2017-12-08T14:15:00","guid":{"rendered":"https:\/\/www.catene3c.it\/news-catenificio\/a-propos-de-nous-entretien-avec-3c-catene-sur-le-magazine-ferramenta-2000\/"},"modified":"2024-02-25T22:29:04","modified_gmt":"2024-02-25T21:29:04","slug":"a-propos-de-nous-entretien-avec-3c-catene-sur-le-magazine-ferramenta-2000","status":"publish","type":"post","link":"https:\/\/www.catene3c.it\/fr\/news-catenificio\/a-propos-de-nous-entretien-avec-3c-catene-sur-le-magazine-ferramenta-2000\/","title":{"rendered":"\u00c0 PROPOS DE NOUS: Entretien avec 3C CATENE sur le magazine FERRAMENTA 2000"},"content":{"rendered":"\n<p>FERRAMENTA 2000, le magazine de r\u00e9f\u00e9rence en Italie pour le secteur du quincailleries , publi\u00e9 dans le num\u00e9ro d&rsquo;octobre 2017 page 34 le dossier \u00ab\u00a0cha\u00eenes\u00a0\u00bb. Parmi les personnes interrog\u00e9es, il y a aussi le directeur commercial de 3C CATENE Walter Cortiana. FERRAMENTA 2000 dispose \u00e9galement d&rsquo;un portail internet: <a href=\"http:\/\/www.ferramenta2000.net\/\" target=\"_blank\" rel=\"noreferrer noopener\">www.ferramenta2000.net<\/a><\/p>\n\n<figure class=\"wp-block-image size-full\"><img fetchpriority=\"high\" decoding=\"async\" width=\"750\" height=\"535\" src=\"https:\/\/www.catene3c.it\/wp-content\/uploads\/2024\/02\/news_FERRAMENTA2000_2017.jpg\" alt=\"3C Catene -\" class=\"wp-image-5181\" title=\"3C Catene -\" srcset=\"https:\/\/www.catene3c.it\/wp-content\/uploads\/2024\/02\/news_FERRAMENTA2000_2017.jpg 750w, https:\/\/www.catene3c.it\/wp-content\/uploads\/2024\/02\/news_FERRAMENTA2000_2017-300x214.jpg 300w, https:\/\/www.catene3c.it\/wp-content\/uploads\/2024\/02\/news_FERRAMENTA2000_2017-600x428.jpg 600w\" sizes=\"(max-width: 750px) 100vw, 750px\" \/><\/figure>\n","protected":false},"excerpt":{"rendered":"<p>FERRAMENTA 2000, le magazine de r\u00e9f\u00e9rence en Italie pour le secteur du quincailleries , publi\u00e9 dans le num\u00e9ro d&rsquo;octobre 2017 page 34 le dossier \u00ab\u00a0cha\u00eenes\u00a0\u00bb. Parmi les personnes interrog\u00e9es, il y a aussi le directeur commercial de 3C CATENE Walter Cortiana. FERRAMENTA 2000 dispose \u00e9galement d&rsquo;un portail internet: www.ferramenta2000.net<\/p>\n","protected":false},"author":6,"featured_media":5178,"comment_status":"closed","ping_status":"closed","sticky":false,"template":"","format":"standard","meta":{"footnotes":""},"categories":[105],"tags":[],"class_list":["post-5189","post","type-post","status-publish","format-standard","has-post-thumbnail","hentry","category-news-fr"],"_links":{"self":[{"href":"https:\/\/www.catene3c.it\/fr\/wp-json\/wp\/v2\/posts\/5189","targetHints":{"allow":["GET"]}}],"collection":[{"href":"https:\/\/www.catene3c.it\/fr\/wp-json\/wp\/v2\/posts"}],"about":[{"href":"https:\/\/www.catene3c.it\/fr\/wp-json\/wp\/v2\/types\/post"}],"author":[{"embeddable":true,"href":"https:\/\/www.catene3c.it\/fr\/wp-json\/wp\/v2\/users\/6"}],"replies":[{"embeddable":true,"href":"https:\/\/www.catene3c.it\/fr\/wp-json\/wp\/v2\/comments?post=5189"}],"version-history":[{"count":0,"href":"https:\/\/www.catene3c.it\/fr\/wp-json\/wp\/v2\/posts\/5189\/revisions"}],"wp:featuredmedia":[{"embeddable":true,"href":"https:\/\/www.catene3c.it\/fr\/wp-json\/wp\/v2\/media\/5178"}],"wp:attachment":[{"href":"https:\/\/www.catene3c.it\/fr\/wp-json\/wp\/v2\/media?parent=5189"}],"wp:term":[{"taxonomy":"category","embeddable":true,"href":"https:\/\/www.catene3c.it\/fr\/wp-json\/wp\/v2\/categories?post=5189"},{"taxonomy":"post_tag","embeddable":true,"href":"https:\/\/www.catene3c.it\/fr\/wp-json\/wp\/v2\/tags?post=5189"}],"curies":[{"name":"wp","href":"https:\/\/api.w.org\/{rel}","templated":true}]}}