{"id":9180,"date":"2024-07-19T09:02:00","date_gmt":"2024-07-19T07:02:00","guid":{"rendered":"https:\/\/www.catene3c.it\/news-catenificio\/fermeture-de-lentreprise-pour-les-vacances-dete-7\/"},"modified":"2024-07-26T09:15:55","modified_gmt":"2024-07-26T07:15:55","slug":"fermeture-de-lentreprise-pour-les-vacances-dete-7","status":"publish","type":"post","link":"https:\/\/www.catene3c.it\/fr\/news-catenificio\/fermeture-de-lentreprise-pour-les-vacances-dete-7\/","title":{"rendered":"Fermeture de l\u2019entreprise pour les vacances d\u2019\u00e9t\u00e9"},"content":{"rendered":"\n<p>Nous vous informons qu&rsquo;en raison de la p\u00e9riode estivale, nous serons ferm\u00e9s du samedi 3 au dimanche 25 ao\u00fbt.<\/p>\n\n\n\n<figure class=\"wp-block-image size-full\"><img fetchpriority=\"high\" decoding=\"async\" width=\"750\" height=\"258\" src=\"https:\/\/www.catene3c.it\/wp-content\/uploads\/2024\/07\/Buone_vacanze_ING.jpg\" alt=\"3C Catene -\" class=\"wp-image-9189\" title=\"3C Catene -\" srcset=\"https:\/\/www.catene3c.it\/wp-content\/uploads\/2024\/07\/Buone_vacanze_ING.jpg 750w, https:\/\/www.catene3c.it\/wp-content\/uploads\/2024\/07\/Buone_vacanze_ING-300x103.jpg 300w, https:\/\/www.catene3c.it\/wp-content\/uploads\/2024\/07\/Buone_vacanze_ING-600x206.jpg 600w\" sizes=\"(max-width: 750px) 100vw, 750px\" \/><\/figure>\n","protected":false},"excerpt":{"rendered":"<p>Nous vous informons qu&rsquo;en raison de la p\u00e9riode estivale, nous serons ferm\u00e9s du samedi 3 au dimanche 25 ao\u00fbt.<\/p>\n","protected":false},"author":6,"featured_media":9189,"comment_status":"closed","ping_status":"closed","sticky":false,"template":"","format":"standard","meta":{"footnotes":""},"categories":[105],"tags":[],"class_list":["post-9180","post","type-post","status-publish","format-standard","has-post-thumbnail","hentry","category-news-fr"],"_links":{"self":[{"href":"https:\/\/www.catene3c.it\/fr\/wp-json\/wp\/v2\/posts\/9180","targetHints":{"allow":["GET"]}}],"collection":[{"href":"https:\/\/www.catene3c.it\/fr\/wp-json\/wp\/v2\/posts"}],"about":[{"href":"https:\/\/www.catene3c.it\/fr\/wp-json\/wp\/v2\/types\/post"}],"author":[{"embeddable":true,"href":"https:\/\/www.catene3c.it\/fr\/wp-json\/wp\/v2\/users\/6"}],"replies":[{"embeddable":true,"href":"https:\/\/www.catene3c.it\/fr\/wp-json\/wp\/v2\/comments?post=9180"}],"version-history":[{"count":4,"href":"https:\/\/www.catene3c.it\/fr\/wp-json\/wp\/v2\/posts\/9180\/revisions"}],"predecessor-version":[{"id":9195,"href":"https:\/\/www.catene3c.it\/fr\/wp-json\/wp\/v2\/posts\/9180\/revisions\/9195"}],"wp:featuredmedia":[{"embeddable":true,"href":"https:\/\/www.catene3c.it\/fr\/wp-json\/wp\/v2\/media\/9189"}],"wp:attachment":[{"href":"https:\/\/www.catene3c.it\/fr\/wp-json\/wp\/v2\/media?parent=9180"}],"wp:term":[{"taxonomy":"category","embeddable":true,"href":"https:\/\/www.catene3c.it\/fr\/wp-json\/wp\/v2\/categories?post=9180"},{"taxonomy":"post_tag","embeddable":true,"href":"https:\/\/www.catene3c.it\/fr\/wp-json\/wp\/v2\/tags?post=9180"}],"curies":[{"name":"wp","href":"https:\/\/api.w.org\/{rel}","templated":true}]}}